{"id":10127,"date":"2023-05-19T16:33:12","date_gmt":"2023-05-19T19:33:12","guid":{"rendered":"https:\/\/argentinamassustentable.com.ar\/?p=10127"},"modified":"2023-05-19T16:33:12","modified_gmt":"2023-05-19T19:33:12","slug":"de-la-nada-cumple-23-anos","status":"publish","type":"post","link":"https:\/\/argentinamassustentable.com.ar\/?p=10127","title":{"rendered":"De La Nada cumple 23 a\u00f1os"},"content":{"rendered":"\n<h2 class=\"wp-block-heading\"><strong>SUMAR TRABAJO, PARA RESTAR POBREZA<\/strong><\/h2>\n\n\n\n<figure class=\"wp-block-embed aligncenter is-type-video is-provider-youtube wp-block-embed-youtube wp-embed-aspect-16-9 wp-has-aspect-ratio\"><div class=\"wp-block-embed__wrapper\">\n<iframe loading=\"lazy\" title=\"DE LA NADA Asociaci\u00f3n Civil\" width=\"640\" height=\"360\" src=\"https:\/\/www.youtube.com\/embed\/pYcG7-ul2NU?feature=oembed\" frameborder=\"0\" allow=\"accelerometer; autoplay; clipboard-write; encrypted-media; gyroscope; picture-in-picture; web-share\" referrerpolicy=\"strict-origin-when-cross-origin\" allowfullscreen><\/iframe>\n<\/div><\/figure>\n\n\n\n<h2 class=\"wp-block-heading has-medium-font-size\"><strong>Un a\u00f1o promoviendo  el empoderamiento  de las mujeres<\/strong><\/h2>\n\n\n\n<p>Surgida en mayo del 2000,\u00a0<strong>De la Nada<\/strong>\u00a0entreg\u00f3 su primer microcr\u00e9dito a un grupo de emprendedores, motivo por el cual sus integrantes toman este hecho como la fecha de inicio de sus actividades en Luj\u00e1n, Provincia de Buenos Aires.<\/p>\n\n\n<div class=\"wp-block-image\">\n<figure class=\"aligncenter size-full\"><img loading=\"lazy\" decoding=\"async\" width=\"1024\" height=\"576\" src=\"https:\/\/argentinamassustentable.com.ar\/wp-content\/uploads\/2023\/05\/image-21.png\" alt=\"\" class=\"wp-image-10229\" srcset=\"https:\/\/argentinamassustentable.com.ar\/wp-content\/uploads\/2023\/05\/image-21.png 1024w, https:\/\/argentinamassustentable.com.ar\/wp-content\/uploads\/2023\/05\/image-21-300x169.png 300w, https:\/\/argentinamassustentable.com.ar\/wp-content\/uploads\/2023\/05\/image-21-768x432.png 768w\" sizes=\"auto, (max-width: 1024px) 100vw, 1024px\" \/><figcaption class=\"wp-element-caption\"><strong><em>La Asociaci\u00f3n Civil DE LA NADA se encuentra celebrando el 23 aniversario de su fundaci\u00f3n<\/em><\/strong><\/figcaption><\/figure>\n<\/div>\n\n\n<figure class=\"wp-block-embed is-type-wp-embed is-provider-incrustado wp-block-embed-incrustado\"><div class=\"wp-block-embed__wrapper\">\n<blockquote class=\"wp-embedded-content\" data-secret=\"z3D8HHhogj\"><a href=\"https:\/\/argentinamassustentable.com.ar\/?p=134\">DE LA NADA: todo es posible<\/a><\/blockquote><iframe loading=\"lazy\" class=\"wp-embedded-content\" sandbox=\"allow-scripts\" security=\"restricted\" style=\"position: absolute; clip: rect(1px, 1px, 1px, 1px);\" title=\"\u00abDE LA NADA: todo es posible\u00bb \u2014 ARGENTINA + SUSTENTABLE\" src=\"https:\/\/argentinamassustentable.com.ar\/?p=134&#038;embed=true#?secret=Ta09OCmc3p#?secret=z3D8HHhogj\" data-secret=\"z3D8HHhogj\" width=\"600\" height=\"338\" frameborder=\"0\" marginwidth=\"0\" marginheight=\"0\" scrolling=\"no\"><\/iframe>\n<\/div><\/figure>\n\n\n<div class=\"wp-block-image\">\n<figure class=\"alignleft size-full\"><img loading=\"lazy\" decoding=\"async\" width=\"225\" height=\"225\" src=\"https:\/\/argentinamassustentable.com.ar\/wp-content\/uploads\/2023\/05\/DE-LA-NADA.png\" alt=\"\" class=\"wp-image-10293\" srcset=\"https:\/\/argentinamassustentable.com.ar\/wp-content\/uploads\/2023\/05\/DE-LA-NADA.png 225w, https:\/\/argentinamassustentable.com.ar\/wp-content\/uploads\/2023\/05\/DE-LA-NADA-150x150.png 150w\" sizes=\"auto, (max-width: 225px) 100vw, 225px\" \/><\/figure>\n<\/div>\n\n\n<p>La Asociaci\u00f3n Civil\u00a0<strong>De la Nada<\/strong>, a pocos kil\u00f3metros de CABA, cuenta con un gran n\u00famero de voluntarios. Alienta y apoya el desarrollo de emprendimientos productivos y la adquisici\u00f3n de nuevos oficios, como herramientas genuinas para poder enfrentar la exclusi\u00f3n estructural.<\/p>\n\n\n\n<p>Hace 23 a\u00f1os trabajan promoviendo el empoderamiento de la comunidad  brind\u00e1ndoles oportunidades para que ellas y sus familias puedan crecer y desarrollarse, contribuyendo a una sociedad m\u00e1s justa e igualitaria.<\/p>\n\n\n\n<p>Por eso a\u00f1o tras a\u00f1o se renueva el  compromiso y responsabilidad&nbsp;&nbsp;para lograr todos prop\u00f3sito y metas que se pretenden alcanzar. <\/p>\n\n\n\n<p class=\"has-medium-font-size\"><strong>2022 UN A\u00d1O CON MUCHOS LOGROS<\/strong><\/p>\n\n\n<div class=\"wp-block-image\">\n<figure class=\"alignright size-full is-resized\"><img loading=\"lazy\" decoding=\"async\" src=\"https:\/\/argentinamassustentable.com.ar\/wp-content\/uploads\/2023\/05\/image-19.png\" alt=\"\" class=\"wp-image-10224\" width=\"438\" height=\"254\" srcset=\"https:\/\/argentinamassustentable.com.ar\/wp-content\/uploads\/2023\/05\/image-19.png 1024w, https:\/\/argentinamassustentable.com.ar\/wp-content\/uploads\/2023\/05\/image-19-300x174.png 300w, https:\/\/argentinamassustentable.com.ar\/wp-content\/uploads\/2023\/05\/image-19-768x446.png 768w\" sizes=\"auto, (max-width: 438px) 100vw, 438px\" \/><figcaption class=\"wp-element-caption\"><strong><em>La Asociaci\u00f3n Civil\u00a0De la Nada, a pocos kil\u00f3metros de CABA, cuenta con un gran n\u00famero de voluntarios<\/em><\/strong><\/figcaption><\/figure>\n<\/div>\n\n\n<p>En el a\u00f1o 2022 ha logrado que 621 personas est\u00e9n acompa\u00f1adas de forma directa con nuestros diferentes programas, tambi\u00e9n posee 28 capacitaciones brindadas ,entre cursos de oficios y talleres. Alcanzando tres emprendimientos de impacto social y ambiental en marcha. Por ultimo han conseguido mas de 939 productos donados con las 3 campa\u00f1as solidarias.<\/p>\n\n\n\n<p><\/p>\n\n\n\n<p class=\"has-medium-font-size\"><strong>2023 OBJETIVOS PARA ESTE A\u00d1O<\/strong><\/p>\n\n\n\n<p class=\"has-medium-font-size\"><strong>DE LA NADA, desarrollando los objetivos para este a\u00f1o 2023<\/strong><\/p>\n\n\n\n<p>Se han propuesto realizar entre 10 y 15 capacitaciones en Oficios Gastron\u00f3micos y Textiles, desarrollar entre 10 y 13 capacitaciones y talleres en el marco del programa Apoyo Integral para Emprender. Fortalecer el programa de Perfeccionamiento Gastron\u00f3mico y Textil trabajando en un nuevo componente del programa vinculado a la inserci\u00f3n laboral.  Registrarse como Centro de Formaci\u00f3n Profesional para ampliar oficios.  Llevar adelante 3 Campa\u00f1as Solidarias. Pascua Solidaria, Dia de la Ni\u00f1ez Solidaria y Navidad Solidaria. Generar entre 2 y 4 nuevas Alianzas con organizaciones y empresas para replicar alguna de las capacitaciones que brindan, en otras localidades. <\/p>\n\n\n\n<p>\u00abEl 95% de las personas que acompa\u00f1amos son mujeres. Esto hace que llevemos 23 a\u00f1os promoviendo su empoderamiento, brindando oportunidades para que ellas y sus familias puedan crecer y desarrollarse, contribuyendo a una sociedad mas justa e igualitaria. Por ende cada a\u00f1o renovamos nuestro compromiso y responsabilidad de seguir trabajando que tiene un radio de impacto sobre mas de de 2483 personas que integran el grupo familiar. Nuestro trabajo es en colaboraci\u00f3n con la \u00abComisi\u00f3n directiva, equipo operativo, voluntarios, comunidad de emprendedores y egresados, empresas y Organizaciones Aisladas, Instituciones gubernamentales\u00bb explica Luciana Malvazo, presidente de DE LA NADA .<\/p>\n\n\n\n<p><\/p>\n\n\n\n<p><\/p>\n","protected":false},"excerpt":{"rendered":"<p>De La Nada cumple 23 a\u00f1os<br \/>\nLa Asociaci\u00f3n Civil DE LA NADA   se encuentra celebrando el 23 aniversario  de su fundaci\u00f3n por ende lanza su nuevo v\u00eddeo institucional donde cuenta toda la trayectoria de su trabajo a la comunidad.<\/p>\n","protected":false},"author":1,"featured_media":10294,"comment_status":"open","ping_status":"open","sticky":false,"template":"","format":"standard","meta":{"footnotes":""},"categories":[1],"tags":[7,218,34,271,36,484,56,289],"class_list":["post-10127","post","type-post","status-publish","format-standard","has-post-thumbnail","hentry","category-general","tag-argentina","tag-argentina-mas-sustentable","tag-de-la-nada","tag-judith-scheyer","tag-luciana-malvazo","tag-mujeres","tag-sustentabilidad","tag-sustentable"],"_links":{"self":[{"href":"https:\/\/argentinamassustentable.com.ar\/index.php?rest_route=\/wp\/v2\/posts\/10127","targetHints":{"allow":["GET"]}}],"collection":[{"href":"https:\/\/argentinamassustentable.com.ar\/index.php?rest_route=\/wp\/v2\/posts"}],"about":[{"href":"https:\/\/argentinamassustentable.com.ar\/index.php?rest_route=\/wp\/v2\/types\/post"}],"author":[{"embeddable":true,"href":"https:\/\/argentinamassustentable.com.ar\/index.php?rest_route=\/wp\/v2\/users\/1"}],"replies":[{"embeddable":true,"href":"https:\/\/argentinamassustentable.com.ar\/index.php?rest_route=%2Fwp%2Fv2%2Fcomments&post=10127"}],"version-history":[{"count":7,"href":"https:\/\/argentinamassustentable.com.ar\/index.php?rest_route=\/wp\/v2\/posts\/10127\/revisions"}],"predecessor-version":[{"id":10297,"href":"https:\/\/argentinamassustentable.com.ar\/index.php?rest_route=\/wp\/v2\/posts\/10127\/revisions\/10297"}],"wp:featuredmedia":[{"embeddable":true,"href":"https:\/\/argentinamassustentable.com.ar\/index.php?rest_route=\/wp\/v2\/media\/10294"}],"wp:attachment":[{"href":"https:\/\/argentinamassustentable.com.ar\/index.php?rest_route=%2Fwp%2Fv2%2Fmedia&parent=10127"}],"wp:term":[{"taxonomy":"category","embeddable":true,"href":"https:\/\/argentinamassustentable.com.ar\/index.php?rest_route=%2Fwp%2Fv2%2Fcategories&post=10127"},{"taxonomy":"post_tag","embeddable":true,"href":"https:\/\/argentinamassustentable.com.ar\/index.php?rest_route=%2Fwp%2Fv2%2Ftags&post=10127"}],"curies":[{"name":"wp","href":"https:\/\/api.w.org\/{rel}","templated":true}]}}