{"id":134,"date":"2020-02-24T13:23:38","date_gmt":"2020-02-24T16:23:38","guid":{"rendered":"https:\/\/argentinamassustentable.com.ar\/?p=134"},"modified":"2020-06-29T16:39:11","modified_gmt":"2020-06-29T19:39:11","slug":"de-la-nada-todo-es-posible","status":"publish","type":"post","link":"https:\/\/argentinamassustentable.com.ar\/?p=134","title":{"rendered":"DE LA NADA: todo es posible"},"content":{"rendered":"\n<p><strong>DE LA NADA: TODO ES POSIBLE&nbsp;<\/strong><\/p>\n\n\n\n<p>Ubicados en Luj\u00e1n, Provincia de Buenos Aires<\/p>\n\n\n\n<p><strong>La Asociaci\u00f3n Civil DE LA NADA ofrece micro cr\u00e9ditos con el prop\u00f3sito de ayudar a los m\u00e1s desfavorecidos econ\u00f3micamente, ayud\u00e1ndoles a salir de la pobreza a trav\u00e9s del trabajo<\/strong><\/p>\n\n\n\n<p>Conversamos con la Licenciada en Trabajo Social, Luciana Malvazo, Presidente de <strong>DE LA NADA<\/strong> \u00abActuamos bajo la convicci\u00f3n de que la pobreza es un flagelo que amenaza a la sociedad entera y que es posible influir sobre el curso de los acontecimientos generando peque\u00f1os cambios.Creemos que el aporte de cada uno de nosotros puede contribuir a realizar cambios sustanciales. Convicci\u00f3n de que todas las personas, sin excepci\u00f3n, tienen capacidades potenciales que pueden convertirse en actos si se les brindan las oportunidades y herramientas adecuadas.&nbsp; <\/p>\n\n\n\n<p>\u00bfC\u00f3mo surgi\u00f3 el proyecto de la organizaci\u00f3n?<br> &#8211;<strong>De la Nada<\/strong> naci\u00f3 en el a\u00f1o 1999 a partir de la voluntad de nuestras cuatro fundadoras, quienes hoy contin\u00faan siendo parte de la organizaci\u00f3n, seducidas por las ideas de Muhammad Yunus, creador del concepto de micro cr\u00e9dito. Comenzamos como un proyecto piloto al que le dio el marco legal una organizaci\u00f3n de la OEA, el IICA, con 100 % de trabajo voluntario y fondos aportados por los integrantes de la organizaci\u00f3n. Cuatro a\u00f1os despu\u00e9s, cuando se vio que era factible trabajar como se hab\u00eda planeado, fundamos<strong> De la Nada<\/strong> como una organizaci\u00f3n con personer\u00eda jur\u00eddica<\/p>\n\n\n\n<div class=\"wp-block-image\"><figure class=\"aligncenter size-large\"><img loading=\"lazy\" decoding=\"async\" width=\"400\" height=\"400\" src=\"https:\/\/argentinamassustentable.com.ar\/wp-content\/uploads\/2020\/02\/LA-COCINA-DEL-TRABAJO-1.jpg\" alt=\"\" class=\"wp-image-146\" srcset=\"https:\/\/argentinamassustentable.com.ar\/wp-content\/uploads\/2020\/02\/LA-COCINA-DEL-TRABAJO-1.jpg 400w, https:\/\/argentinamassustentable.com.ar\/wp-content\/uploads\/2020\/02\/LA-COCINA-DEL-TRABAJO-1-300x300.jpg 300w, https:\/\/argentinamassustentable.com.ar\/wp-content\/uploads\/2020\/02\/LA-COCINA-DEL-TRABAJO-1-150x150.jpg 150w\" sizes=\"auto, (max-width: 400px) 100vw, 400px\" \/><\/figure><\/div>\n\n\n\n<p>Una de acciones que llevan adelante es LA COCINA DEL TRABAJO. Escuch\u00e1 a Luciana Malvazo que nos cuenta de qu\u00e9 se trata<\/p>\n\n\n\n<div class=\"wp-block-group\"><div class=\"wp-block-group__inner-container is-layout-flow wp-block-group-is-layout-flow\">\n<div class=\"wp-block-file\"><a href=\"https:\/\/argentinamassustentable.com.ar\/wp-content\/uploads\/2020\/02\/Luciana-Malvazo-La-Cocina-del-Trabajo.mp4\">Luciana-Malvazo-La-Cocina-del-Trabajo<\/a><a href=\"https:\/\/argentinamassustentable.com.ar\/wp-content\/uploads\/2020\/02\/Luciana-Malvazo-La-Cocina-del-Trabajo.mp4\" class=\"wp-block-file__button\" download>Descarga<\/a><\/div>\n<\/div><\/div>\n\n\n\n<p>Surgida en mayo del 2000, <strong>De la Nada<\/strong> entreg\u00f3 su primer microcr\u00e9dito a un grupo de emprendedores, motivo por el cual sus integrantes toman este hecho como la fecha de inicio de sus actividades en Luj\u00e1n.<\/p>\n\n\n\n<p><strong>La agrupaci\u00f3n viene trabajando con familias, principalmente j\u00f3venes y mujeres, de bajos recursos que quieren salir adelante por medio de la capacitaci\u00f3n y el trabajo.<\/strong><\/p>\n\n\n\n<p>Con el paso de los a\u00f1os, a trav\u00e9s del trabajo y el esfuerzo, la asociaci\u00f3n logr\u00f3 tener su propia sede en el barrio Juan XXIII. Su lema es siempre el mismo: \u00absumar trabajo para restar pobreza\u00bb.<\/p>\n\n\n\n<div class=\"wp-block-image\"><figure class=\"aligncenter size-medium is-resized\"><img loading=\"lazy\" decoding=\"async\" src=\"https:\/\/argentinamassustentable.com.ar\/wp-content\/uploads\/2020\/02\/luciana-malvazo-DE-LA-NADA-300x266.jpg\" alt=\"\" class=\"wp-image-147\" width=\"504\" height=\"447\" srcset=\"https:\/\/argentinamassustentable.com.ar\/wp-content\/uploads\/2020\/02\/luciana-malvazo-DE-LA-NADA-300x266.jpg 300w, https:\/\/argentinamassustentable.com.ar\/wp-content\/uploads\/2020\/02\/luciana-malvazo-DE-LA-NADA.jpg 625w\" sizes=\"auto, (max-width: 504px) 100vw, 504px\" \/><figcaption>La licenciada en Trabajo Social Luciana Malvazo, presidente de la Asociaci\u00f3n civil DE LA NADA<br><\/figcaption><\/figure><\/div>\n\n\n\n<p>&#8211;<strong>\u00bfQu\u00e9 actividades realizan?<\/strong><br> -Nuestra principal herramienta es el Micro cr\u00e9dito; dentro de este programa  brindamos peque\u00f1os cr\u00e9ditos sucesivos para que puedan desarrollar un oficio o emprendimiento. Estos cr\u00e9ditos se dan sin garant\u00eda real a personas individuales constituidas en un grupo de responsabilidad solidaria. Damos apoyo a los emprendedores como capacitaci\u00f3n y asesoramiento en diferentes tem\u00e1ticas para llevar adelante el emprendimiento u oficio. Esto se va organizando de acuerdo a las necesidades de los beneficiarios. Adem\u00e1s tenemos un programa formal de formaci\u00f3n en oficios gastron\u00f3micos llamada La Cocina del Trabajo Escuela de Gastronom\u00eda. Ya hace un a\u00f1o lanzamos nuestra primera empresa social, La cocina del trabajo Servicios Gastron\u00f3micos con valor social compartido, con el objeto de multiplicar los recursos en desarrollo social, generando trabajo inclusivo, y para que en el futuro no tener que depender de subsidios y donaciones, ya que se van a utilizar las ganancias que se generen en el financiamiento de los programas sociales que llevamos adelante. Tenemos adem\u00e1s un programa de becas Madres Educadoras, donde acompa\u00f1amos a las madres con numerosos hijos en edad escolar<\/p>\n\n\n\n<figure class=\"wp-block-image size-large\"><img loading=\"lazy\" decoding=\"async\" width=\"768\" height=\"1024\" src=\"https:\/\/argentinamassustentable.com.ar\/wp-content\/uploads\/2020\/02\/DELANADA1.jpg\" alt=\"\" class=\"wp-image-145\" srcset=\"https:\/\/argentinamassustentable.com.ar\/wp-content\/uploads\/2020\/02\/DELANADA1.jpg 768w, https:\/\/argentinamassustentable.com.ar\/wp-content\/uploads\/2020\/02\/DELANADA1-225x300.jpg 225w\" sizes=\"auto, (max-width: 768px) 100vw, 768px\" \/><\/figure>\n\n\n\n<p><\/p>\n\n\n\n<p>La Asociaci\u00f3n Civil <strong>De la Nada<\/strong> de la populosa Luj\u00e1n, a pocos kil\u00f3metros de la Capital Federal cuenta con un gran n\u00famero de voluntarios .Se alienta y se apoya el desarrollo de emprendimientos  productivos y la adquisici\u00f3n de nuevos oficios, como herramientas genuinas para poder enfrentar la exclusi\u00f3n estructural.<\/p>\n\n\n\n<p>\u00bfCu\u00e1l es la zona de alcance de <strong>DE LA NADA<\/strong>? Luciana Malvazo nos cuenta en el siguiente audio:<\/p>\n\n\n\n<div class=\"wp-block-file\"><a href=\"https:\/\/argentinamassustentable.com.ar\/wp-content\/uploads\/2020\/02\/Luciana-Malvazo-zona-de-alcance-de-DE-LA-NADA.mp3\">Luciana-Malvazo-zona-de-alcance-de-<strong>DE-LA-NADA<\/strong><\/a><a href=\"https:\/\/argentinamassustentable.com.ar\/wp-content\/uploads\/2020\/02\/Luciana-Malvazo-zona-de-alcance-de-DE-LA-NADA.mp3\" class=\"wp-block-file__button\" download>Descarga<\/a><\/div>\n\n\n\n<p><a href=\"http:\/\/www.delanada.org\/\">http:\/\/www.delanada.org\/<\/a><\/p>\n\n\n\n<p class=\"has-background has-luminous-vivid-orange-background-color\"><\/p>\n","protected":false},"excerpt":{"rendered":"<p>DE LA NADA: TODO ES POSIBLE&nbsp; Ubicados en Luj\u00e1n, Provincia de Buenos Aires La Asociaci\u00f3n Civil DE LA NADA ofrece micro cr\u00e9ditos con el prop\u00f3sito de ayudar a los m\u00e1s desfavorecidos econ\u00f3micamente, ayud\u00e1ndoles a salir de la pobreza a trav\u00e9s del trabajo Conversamos con la Licenciada en Trabajo Social, Luciana Malvazo, Presidente de DE LA [&hellip;]<\/p>\n","protected":false},"author":1,"featured_media":147,"comment_status":"open","ping_status":"open","sticky":false,"template":"","format":"standard","meta":{"footnotes":""},"categories":[1,12],"tags":[34,38,36,37,35,39],"class_list":["post-134","post","type-post","status-publish","format-standard","has-post-thumbnail","hentry","category-general","category-proyectos-sustentables-y-vida-sostenible","tag-de-la-nada","tag-la-cocina-del-trabajo","tag-luciana-malvazo","tag-lujan-provincia-de-buenos-aires","tag-micro-creditos","tag-oficios"],"_links":{"self":[{"href":"https:\/\/argentinamassustentable.com.ar\/index.php?rest_route=\/wp\/v2\/posts\/134","targetHints":{"allow":["GET"]}}],"collection":[{"href":"https:\/\/argentinamassustentable.com.ar\/index.php?rest_route=\/wp\/v2\/posts"}],"about":[{"href":"https:\/\/argentinamassustentable.com.ar\/index.php?rest_route=\/wp\/v2\/types\/post"}],"author":[{"embeddable":true,"href":"https:\/\/argentinamassustentable.com.ar\/index.php?rest_route=\/wp\/v2\/users\/1"}],"replies":[{"embeddable":true,"href":"https:\/\/argentinamassustentable.com.ar\/index.php?rest_route=%2Fwp%2Fv2%2Fcomments&post=134"}],"version-history":[{"count":0,"href":"https:\/\/argentinamassustentable.com.ar\/index.php?rest_route=\/wp\/v2\/posts\/134\/revisions"}],"wp:featuredmedia":[{"embeddable":true,"href":"https:\/\/argentinamassustentable.com.ar\/index.php?rest_route=\/wp\/v2\/media\/147"}],"wp:attachment":[{"href":"https:\/\/argentinamassustentable.com.ar\/index.php?rest_route=%2Fwp%2Fv2%2Fmedia&parent=134"}],"wp:term":[{"taxonomy":"category","embeddable":true,"href":"https:\/\/argentinamassustentable.com.ar\/index.php?rest_route=%2Fwp%2Fv2%2Fcategories&post=134"},{"taxonomy":"post_tag","embeddable":true,"href":"https:\/\/argentinamassustentable.com.ar\/index.php?rest_route=%2Fwp%2Fv2%2Ftags&post=134"}],"curies":[{"name":"wp","href":"https:\/\/api.w.org\/{rel}","templated":true}]}}