{"id":16178,"date":"2024-06-28T21:46:01","date_gmt":"2024-06-29T00:46:01","guid":{"rendered":"https:\/\/argentinamassustentable.com.ar\/?p=16178"},"modified":"2024-08-12T17:04:29","modified_gmt":"2024-08-12T20:04:29","slug":"como-son-las-zapatillas-sustentables","status":"publish","type":"post","link":"https:\/\/argentinamassustentable.com.ar\/?p=16178","title":{"rendered":"\u00bfC\u00f3mo son las zapatillas sustentables?"},"content":{"rendered":"\n<h2 class=\"wp-block-heading\">\u201cNo hay forma de reciclar una zapatilla\u201d, asevera Javier de Grado, creador de Brotezapas. En su emprendimiento minimiza el uso de energ\u00eda recolectando materiales reciclados, como telas, caucho y c\u00e1maras de bicicleta, para dise\u00f1ar zapatillas artesanales<\/h2>\n\n\n<div class=\"wp-block-image\">\n<figure class=\"aligncenter size-large\"><img loading=\"lazy\" decoding=\"async\" width=\"1024\" height=\"683\" src=\"https:\/\/argentinamassustentable.com.ar\/wp-content\/uploads\/2024\/06\/WhatsApp-Image-2024-06-18-at-11.23.17-1024x683.jpeg\" alt=\"\" class=\"wp-image-16180\" srcset=\"https:\/\/argentinamassustentable.com.ar\/wp-content\/uploads\/2024\/06\/WhatsApp-Image-2024-06-18-at-11.23.17-1024x683.jpeg 1024w, https:\/\/argentinamassustentable.com.ar\/wp-content\/uploads\/2024\/06\/WhatsApp-Image-2024-06-18-at-11.23.17-300x200.jpeg 300w, https:\/\/argentinamassustentable.com.ar\/wp-content\/uploads\/2024\/06\/WhatsApp-Image-2024-06-18-at-11.23.17-768x512.jpeg 768w, https:\/\/argentinamassustentable.com.ar\/wp-content\/uploads\/2024\/06\/WhatsApp-Image-2024-06-18-at-11.23.17-1536x1024.jpeg 1536w, https:\/\/argentinamassustentable.com.ar\/wp-content\/uploads\/2024\/06\/WhatsApp-Image-2024-06-18-at-11.23.17-2048x1365.jpeg 2048w\" sizes=\"auto, (max-width: 1024px) 100vw, 1024px\" \/><\/figure>\n<\/div>\n\n\n<p><strong><em>Por Florencia Padr\u00f3n<\/em><\/strong><\/p>\n\n\n\n<p><strong>A+S dialoga con Javier de Grado quien cre\u00f3 en 2013 Brotezapas con el fin de confeccionar una alternativa sustentable a las zapatillas convencionales del mercado.&nbsp;<\/strong><\/p>\n\n\n\n<p>\u201cLas zapatillas se hacen de cuero, de materiales textiles sint\u00e9ticos y de pl\u00e1sticos, la mayor\u00eda son de PVC -Policloruro de Vinilo- y PU -Poliuretano-\u201d, explica Javier. Adem\u00e1s de que la producci\u00f3n de estos materiales es contaminante, argumenta que estos calzados son productos complejos de reciclar.<\/p>\n\n\n\n<p>\u201cUna vez que se te gasta la suela o se te hace un agujero, esa zapatilla <strong>queda para siempre en el planeta. <\/strong>Como est\u00e1 hecha de distintos tipos de pl\u00e1sticos, no podr\u00eda ser reciclada, sino que habr\u00eda que separarla en muchas partes peque\u00f1as\u201d, detalla Javier de Grado<strong>. <\/strong><\/p>\n\n\n\n<p>A fin de crear calzados alternativos, luego trabajar en relaci\u00f3n de dependencia para varias marcas, comenz\u00f3 a dise\u00f1ar sus propios productos con un proceso sustentable y un 70% de materiales reciclados.<\/p>\n\n\n\n<p>En su producci\u00f3n evita generar grandes consumos de energ\u00eda y de disminuir el uso de maquinaria. \u201cElegimos procesos de costura manual, en lugar de tener 10 m\u00e1quinas de coser, siempre y cuando el dise\u00f1o acompa\u00f1e\u201d, explica.&nbsp; En su taller, ubicado en C\u00f3rdoba, <strong>son tres empleados que tienen la capacidad de hacer 100 pares al mes<\/strong>.<\/p>\n\n\n<div class=\"wp-block-image\">\n<figure class=\"aligncenter size-large is-resized\"><img loading=\"lazy\" decoding=\"async\" width=\"1024\" height=\"682\" src=\"https:\/\/argentinamassustentable.com.ar\/wp-content\/uploads\/2024\/06\/WhatsApp-Image-2024-06-18-at-11.27.16-1-1024x682.jpeg\" alt=\"\" class=\"wp-image-16181\" style=\"width:830px;height:auto\" srcset=\"https:\/\/argentinamassustentable.com.ar\/wp-content\/uploads\/2024\/06\/WhatsApp-Image-2024-06-18-at-11.27.16-1-1024x682.jpeg 1024w, https:\/\/argentinamassustentable.com.ar\/wp-content\/uploads\/2024\/06\/WhatsApp-Image-2024-06-18-at-11.27.16-1-300x200.jpeg 300w, https:\/\/argentinamassustentable.com.ar\/wp-content\/uploads\/2024\/06\/WhatsApp-Image-2024-06-18-at-11.27.16-1-768x512.jpeg 768w, https:\/\/argentinamassustentable.com.ar\/wp-content\/uploads\/2024\/06\/WhatsApp-Image-2024-06-18-at-11.27.16-1-1536x1023.jpeg 1536w, https:\/\/argentinamassustentable.com.ar\/wp-content\/uploads\/2024\/06\/WhatsApp-Image-2024-06-18-at-11.27.16-1-730x485.jpeg 730w, https:\/\/argentinamassustentable.com.ar\/wp-content\/uploads\/2024\/06\/WhatsApp-Image-2024-06-18-at-11.27.16-1.jpeg 1600w\" sizes=\"auto, (max-width: 1024px) 100vw, 1024px\" \/><figcaption class=\"wp-element-caption\"><strong><em>Javier de Grado emprendedor <\/em><\/strong><\/figcaption><\/figure>\n<\/div>\n\n\n<p>\u201cUna forma que tenemos de no consumir agua es no generar nuevas telas. <strong>La industria textil es de las m\u00e1s contaminantes en cuanto al recurso h\u00eddrico<\/strong>\u201d, comenta en referencia a la cantidad de litros que requiere la producci\u00f3n de prendas. Por ejemplo, para fabricar una remera se necesitaron 2.700 litros de agua -lo que una persona promedio bebe durante dos a\u00f1os y medio-, conforme al Servicio de Estudio del Parlamento Europeo -EPRS-.<\/p>\n\n\n\n<p>En su emprendimiento, consiguen la tela de donaciones de <strong>ropa usada<\/strong> y de<strong> retrasos textiles<\/strong> en comunidades en internet. Tambi\u00e9n le compran a<strong> f\u00e1bricas textiles los \u00faltimos metros de tela de sus rollos<\/strong>. \u201cSiempre hay 2 o 3 metros que no usan por cuestiones de producci\u00f3n porque pierden tensi\u00f3n\u201d, aclara.&nbsp;<\/p>\n\n\n\n<p>\u201cCuando vamos a Buenos Aires por la zona de Once siempre en las veredas se encuentran un mont\u00f3n de retrasos\u201d, agrega. Adem\u00e1s, <strong>reciben telas de sus clientes para confeccionar zapatillas personalizadas<\/strong>. Contin\u00faa: \u201cPodemos hacerte un par de zapas con una prenda que te gusta mucho o para combinarla con otra\u201d.<\/p>\n\n\n<div class=\"wp-block-image\">\n<figure class=\"aligncenter size-large\"><img loading=\"lazy\" decoding=\"async\" width=\"1024\" height=\"674\" src=\"https:\/\/argentinamassustentable.com.ar\/wp-content\/uploads\/2024\/06\/foot-2-1024x674.png\" alt=\"\" class=\"wp-image-16182\" srcset=\"https:\/\/argentinamassustentable.com.ar\/wp-content\/uploads\/2024\/06\/foot-2-1024x674.png 1024w, https:\/\/argentinamassustentable.com.ar\/wp-content\/uploads\/2024\/06\/foot-2-300x197.png 300w, https:\/\/argentinamassustentable.com.ar\/wp-content\/uploads\/2024\/06\/foot-2-768x505.png 768w, https:\/\/argentinamassustentable.com.ar\/wp-content\/uploads\/2024\/06\/foot-2-1536x1011.png 1536w, https:\/\/argentinamassustentable.com.ar\/wp-content\/uploads\/2024\/06\/foot-2.png 1600w\" sizes=\"auto, (max-width: 1024px) 100vw, 1024px\" \/><\/figure>\n<\/div>\n\n\n<p>Aparte de los textiles, en la producci\u00f3n usan caucho y c\u00e1maras neum\u00e1ticas de bicicleta o de moto que obtienen de distintas bicicletas y gomer\u00edas todos los meses. A fin de reducir sus residuos, con los restos de cuero y de caucho hacen <strong>llaveros <\/strong>que le regalan a sus clientes.&nbsp;<\/p>\n\n\n\n<p><strong>\u201cLo \u00fanico que no usamos reciclado es la parte de abajo de la suela porque no hemos conseguido reemplazar el material\u201d<\/strong>, explica. Abandonaron la idea de usar caucho de cubierta de auto porque era un proceso contaminante.<\/p>\n\n\n\n<figure class=\"wp-block-gallery alignright has-nested-images columns-default is-cropped wp-block-gallery-1 is-layout-flex wp-block-gallery-is-layout-flex\"><div class=\"wp-block-image\">\n<figure class=\"aligncenter size-large\"><img loading=\"lazy\" decoding=\"async\" width=\"906\" height=\"651\" data-id=\"16183\" src=\"https:\/\/argentinamassustentable.com.ar\/wp-content\/uploads\/2024\/06\/foot-3.png\" alt=\"\" class=\"wp-image-16183\" srcset=\"https:\/\/argentinamassustentable.com.ar\/wp-content\/uploads\/2024\/06\/foot-3.png 906w, https:\/\/argentinamassustentable.com.ar\/wp-content\/uploads\/2024\/06\/foot-3-300x216.png 300w, https:\/\/argentinamassustentable.com.ar\/wp-content\/uploads\/2024\/06\/foot-3-768x552.png 768w\" sizes=\"auto, (max-width: 906px) 100vw, 906px\" \/><\/figure>\n<\/div><figcaption class=\"blocks-gallery-caption wp-element-caption\"><strong><em>Tambi\u00e9n realizan billeteras con descartes de cuero y caucho<\/em><\/strong><\/figcaption><\/figure>\n\n\n\n<p>El emprendedor considera que orientarse a <strong>una producci\u00f3n sustentable no es \u201cm\u00e1s caro\u201d, per\u00f3 si requiere un \u201ctrabajo extra\u00bb.<\/strong> \u201cA m\u00ed me ser\u00eda muy sencillo ir a un local y comprar 10 metros de tela negra, roja y verde. En cambio, en la forma de donaci\u00f3n yo tengo que ir juntando los metros, gestionar la log\u00edstica\u201d, argumenta.<\/p>\n\n\n\n<p>Resalta que tener un proyecto sustentable tiene sus ventajas y desventajas. Por ejemplo, cada una de las telas que reciben las deben cortar, lavar y preparar para transformarlo en calzado, pero en el costo final tienen menos gastos porque la mayor\u00eda de las de los materiales son donados.<\/p>\n\n\n\n<p>Otra caracter\u00edsticas es que su calzado es \u201c<strong>barefoot<\/strong>\u201d dado que busca restablecer \u201cla salud de los pies\u201d. Argumenta: \u201cSe pensaba que el calzado tradicional necesitaba un tal\u00f3n m\u00e1s alto, una suela s\u00faper acolchada, la punta estrecha. Sin embargo, los pies tienen que hacer fuerza, no pueden estar todo el tiempo cuidados porque sino perdemos fuerza en las piernas y generamos una mala postura\u201d.<\/p>\n\n\n<div class=\"wp-block-image\">\n<figure class=\"aligncenter size-full\"><img loading=\"lazy\" decoding=\"async\" width=\"738\" height=\"635\" src=\"https:\/\/argentinamassustentable.com.ar\/wp-content\/uploads\/2024\/06\/WhatsApp-Image-2024-06-18-at-11.24.45-2.png\" alt=\"\" class=\"wp-image-16179\" srcset=\"https:\/\/argentinamassustentable.com.ar\/wp-content\/uploads\/2024\/06\/WhatsApp-Image-2024-06-18-at-11.24.45-2.png 738w, https:\/\/argentinamassustentable.com.ar\/wp-content\/uploads\/2024\/06\/WhatsApp-Image-2024-06-18-at-11.24.45-2-300x258.png 300w\" sizes=\"auto, (max-width: 738px) 100vw, 738px\" \/><figcaption class=\"wp-element-caption\"><strong><em>Bolsas de plastillera<\/em><\/strong> <strong><em>recicladas <\/em><\/strong><\/figcaption><\/figure>\n<\/div>\n\n\n<p>En su emprendimiento tardaron en usar un packaging porque <strong>estaban \u201cnegados a entregar un producto sustentable en una caja de cart\u00f3n nueva\u201d<\/strong>. Hasta que se asociaron con cervecer\u00edas artesanales que les mandan sus residuos de bolsas de plastillera con las cuales pueden hacer sus propios empaques.<\/p>\n","protected":false},"excerpt":{"rendered":"<p>Brote: \u00bfC\u00f3mo s\u00f3n sus zapatillas sustentables?<\/p>\n<p>A+S dialoga con Javier de Grado, emprendedor de Brote que creo zapatillas sustentables hechas con materialds reciclados<\/p>\n","protected":false},"author":29,"featured_media":16180,"comment_status":"open","ping_status":"open","sticky":false,"template":"","format":"standard","meta":{"footnotes":""},"categories":[15,1],"tags":[7,218,3150,3149,3153,271,56,289,3152,3151],"class_list":["post-16178","post","type-post","status-publish","format-standard","has-post-thumbnail","hentry","category-acciones-sustentables","category-general","tag-argentina","tag-argentina-mas-sustentable","tag-barefoot","tag-brotezapas","tag-javier-de-grado","tag-judith-scheyer","tag-sustentabilidad","tag-sustentable","tag-telas-recicladas","tag-zapatillas-recicladas"],"_links":{"self":[{"href":"https:\/\/argentinamassustentable.com.ar\/index.php?rest_route=\/wp\/v2\/posts\/16178","targetHints":{"allow":["GET"]}}],"collection":[{"href":"https:\/\/argentinamassustentable.com.ar\/index.php?rest_route=\/wp\/v2\/posts"}],"about":[{"href":"https:\/\/argentinamassustentable.com.ar\/index.php?rest_route=\/wp\/v2\/types\/post"}],"author":[{"embeddable":true,"href":"https:\/\/argentinamassustentable.com.ar\/index.php?rest_route=\/wp\/v2\/users\/29"}],"replies":[{"embeddable":true,"href":"https:\/\/argentinamassustentable.com.ar\/index.php?rest_route=%2Fwp%2Fv2%2Fcomments&post=16178"}],"version-history":[{"count":12,"href":"https:\/\/argentinamassustentable.com.ar\/index.php?rest_route=\/wp\/v2\/posts\/16178\/revisions"}],"predecessor-version":[{"id":16514,"href":"https:\/\/argentinamassustentable.com.ar\/index.php?rest_route=\/wp\/v2\/posts\/16178\/revisions\/16514"}],"wp:featuredmedia":[{"embeddable":true,"href":"https:\/\/argentinamassustentable.com.ar\/index.php?rest_route=\/wp\/v2\/media\/16180"}],"wp:attachment":[{"href":"https:\/\/argentinamassustentable.com.ar\/index.php?rest_route=%2Fwp%2Fv2%2Fmedia&parent=16178"}],"wp:term":[{"taxonomy":"category","embeddable":true,"href":"https:\/\/argentinamassustentable.com.ar\/index.php?rest_route=%2Fwp%2Fv2%2Fcategories&post=16178"},{"taxonomy":"post_tag","embeddable":true,"href":"https:\/\/argentinamassustentable.com.ar\/index.php?rest_route=%2Fwp%2Fv2%2Ftags&post=16178"}],"curies":[{"name":"wp","href":"https:\/\/api.w.org\/{rel}","templated":true}]}}