{"id":2287,"date":"2021-07-19T19:07:55","date_gmt":"2021-07-19T22:07:55","guid":{"rendered":"https:\/\/argentinamassustentable.com.ar\/?p=2287"},"modified":"2021-07-19T19:07:55","modified_gmt":"2021-07-19T22:07:55","slug":"pacto-verde-europeo-una-palanca-para-la-bioeconomia-argentina","status":"publish","type":"post","link":"https:\/\/argentinamassustentable.com.ar\/?p=2287","title":{"rendered":"Pacto Verde Europeo: \u00bfuna palanca para la Bioeconom\u00eda argentina?"},"content":{"rendered":"\n<h1 class=\"wp-block-heading\"><strong>BIOECONOM\u00cdA: El Pacto Verde Europeo contempla una transformaci\u00f3n y propone para 2050 reducir dr\u00e1sticamente la contaminaci\u00f3n del suelo, el agua y el aire.<\/strong><\/h1>\n\n\n\n<p>\u00a0<\/p>\n\n\n\n<div class=\"wp-block-image\"><figure class=\"aligncenter size-large is-resized\"><img loading=\"lazy\" decoding=\"async\" src=\"https:\/\/argentinamassustentable.com.ar\/wp-content\/uploads\/2021\/07\/pacto-1.png\" alt=\"\" class=\"wp-image-2289\" width=\"526\" height=\"320\" srcset=\"https:\/\/argentinamassustentable.com.ar\/wp-content\/uploads\/2021\/07\/pacto-1.png 464w, https:\/\/argentinamassustentable.com.ar\/wp-content\/uploads\/2021\/07\/pacto-1-300x182.png 300w\" sizes=\"auto, (max-width: 526px) 100vw, 526px\" \/><figcaption><strong><em>\u00a0Pacto Verde Europeo: \u00bfuna palanca para la Bioeconom\u00eda argentina?<\/em><\/strong><\/figcaption><\/figure><\/div>\n\n\n\n<p><strong>Por Fernando Vilella<\/strong><\/p>\n\n\n\n<p><\/p>\n\n\n\n<h2 class=\"wp-block-heading\">Europa a partir de la revoluci\u00f3n industrial y hasta la primera guerra mundial logra una productividad per c\u00e1pita que genera el 35% del PBI mundial, luego comienza a crecer los EE.UU, y entre ambos fueron unas d\u00e9cadas el 55%, hoy la UE es el 15% y en una d\u00e9cada ser\u00e1 solo el 11%.<\/h2>\n\n\n\n<p>Aquel proceso industrial tuvo impactos reflejados en la enorme deforestaci\u00f3n en la mayor parte de su territorio, la gran utilizaci\u00f3n de energ\u00eda en base f\u00f3sil importada de pa\u00edses con estructuras&nbsp;<a href=\"https:\/\/mitreyelcampo.cienradios.com\/bioeconomia-transformacion-sostenible\/\">pol\u00edticas adversarias<\/a>; la gran contaminaci\u00f3n ambiental con ejemplos como la lluvia acida, la eotrofizaci\u00f3n de los cursos de agua o la contaminaci\u00f3n de los grandes r\u00edos; tambi\u00e9n problemas de sus sistemas alimentarios como la irrupci\u00f3n de la Vaca Loca o los muertos por adulteraciones de aceites, carnes o con hortalizas org\u00e1nicas. Todos de una magnitud sin comparaci\u00f3n salvo en China y algunos asi\u00e1ticos de alt\u00edsima densidad. No es casual que all\u00ed aparezcan hace unos a\u00f1os movimientos sociales y pol\u00edticos que buscan a partir de potentes estrategias normalizar esas variables.<\/p>\n\n\n\n<p>Adem\u00e1s es muy importante agregar la inquietud pol\u00edtica generada a partir de la gran crisis del 2008 que esta carcomiendo las bases pol\u00edticas con un gran avance del eurocepticismo y &nbsp;la derecha nacionalista, que por ejemplo estuvo a poco de llegar al poder &nbsp;en Francia cuando Macron gan\u00f3 la presidencial. A ello hay que sumar el Brexit y la profunda ruptura que signific\u00f3 Trump.<\/p>\n\n\n\n<hr class=\"wp-block-separator\"\/>\n\n\n\n<hr class=\"wp-block-separator\"\/>\n\n\n\n<p>Con este panorama la dirigencia europea con lucidez ha decidido reconfigurar profundamente este escenarios con en palabras de Max Bergmann, genere un \u00abdespertar geopol\u00edtico\u00bb de la UE, y seg\u00fan otros generar una Doctrina Frank Sinatra donde la UE actu\u00e9&nbsp; \u201ca su manera\u201d. Es decir ver el mundo con lentes propias; defender sus valores e intereses y generar poder, apostando a su influencia (leverage) basada en su mercado interior y su poder regulatorio.<\/p>\n\n\n\n<p>El vector unificador es el Pacto Verde Europeo, la gran apuesta para reconstruir el contrato social, contener a las derechas nacionalistas, unificar estrategias y plantear un nuevo y presumiblemente potente renacer geopol\u00edtico. Fue lanzado en julio de 2019 como programa central de la Comisi\u00f3n Europea presidida hoy por \u00darsula von der Leyen, reconfirmado pre pandemia en diciembre 2019.<\/p>\n\n\n\n<p>Al decir de Jos\u00e9 Antonio Sanahuja: \u201cEl Pacto Verde Europeo no es solo una pol\u00edtica sectorial de mitigaci\u00f3n y adaptaci\u00f3n al cambio clim\u00e1tico, o de cuidado de la biodiversidad, es un programa ambicioso que busca lograr la neutralidad clim\u00e1tica en 2050 y de distintas iniciativas para la descarbonizaci\u00f3n del mix de energ\u00eda, v\u00eda fuentes renovables, como la solar fotovoltaica, la e\u00f3lica marina o el hidr\u00f3geno verde; el tr\u00e1nsito a la econom\u00eda circular, menos intensiva en recursos naturales; un programa masivo de rehabilitaci\u00f3n de edificios para mejorar su aislamiento; la apuesta por la movilidad sostenible e inteligente; una estrategia de conservaci\u00f3n de la biodiversidad y la reforma de la agricultura y del uso del suelo, con la estrategia \u00abde la granja al tenedor\u00bb. Para ello se desplegar\u00e1n medidas de fiscalidad \u00abverde\u00bb y correctoras del mercado, con la reforma del sistema de comercio de derechos de emisi\u00f3n. Finalmente, de manera expl\u00edcita, el Pacto Verde plantea una amplia estrategia de pol\u00edtica industrial en sectores como la energ\u00eda, las tecnolog\u00edas digitales o el autom\u00f3vil, alentando la electro movilidad\u201d.<\/p>\n\n\n\n<h2 class=\"wp-block-heading\">Es tambi\u00e9n una estrategia de financiarizaci\u00f3n del desarrollo y la transici\u00f3n ecol\u00f3gica. <\/h2>\n\n\n\n<p>Proponen nuevas f\u00f3rmulas de asociaci\u00f3n p\u00fablico-privada que tratan de asegurar la realizaci\u00f3n del capital a trav\u00e9s de emisiones de bonos verdes e inversiones en energ\u00edas renovables, en base a las finanzas sostenibles. Tambi\u00e9n es la base de una diplomacia ambiental en los foros multilaterales y bilaterales estableciendo alianzas verdes, semejante a la cl\u00e1usula democr\u00e1tica de los 80. All\u00ed estar\u00e1 el futuro del acuerdo del MERCOSUR.<\/p>\n\n\n\n<p><strong>El 14 de julio se tomaron\u00a0 algunas decisiones importantes, si bien no se \u00a0plantea dejar de impulsar la automoci\u00f3n se proh\u00edbe a partir de 2035 la venta de autom\u00f3viles con motor a \u00a0gasolina, ya que solo podr\u00e1n circular con energ\u00edas renovables ; pasar de generar el 32% de energ\u00eda renovable al 40% en 2030, como los edificios son responsables del 40% del consumo de energ\u00eda y del 36% de las emisiones de GEI, deber\u00e1n tener un 49% de su energ\u00eda de fuentes renovables al 2030; aumentaran los impuestos al transporte a\u00e9reo, dar\u00e1n impulso al ineficaz al Sistema de Comercio de Emisiones (ETS) de la UE, hoy el mayor mercado de carbono del mundo, donde todas las industria deben pagar por el derecho a contaminar. A pesar de esto los ambientalistas ya han mostrado su desacuerdo por considerar tibias estas medidas. La financiaci\u00f3n de este enorme esfuerzo financiero provendr\u00e1 en parte de nuevos impuestos sobre el sistema de comercio de emisiones y, quiz\u00e1s, la \u00abtasa Google\u00bb y a las transacciones financieras, adem\u00e1s del nuevo arancel externo al carbono (2023), todo basado en la emisi\u00f3n de C debe tener un precio.<\/strong><\/p>\n\n\n\n<p>La embajadora de la UE en Argentina Maio-Coliche ha declarado que \u201cConocemos que en Argentina tambi\u00e9n hay iniciativas que est\u00e1n en esta l\u00ednea\u201d, y que \u201cArgentina tiene cient\u00edficos, t\u00e9cnicos, campos, clima, sus exportaciones agr\u00edcolas han sabido lograr mercados en todo el mundo y seguro pueden aprovechar oportunidades a partir de esta transici\u00f3n verde\u201d.<\/p>\n\n\n\n<p>En este mismo sentido deber\u00eda ser una pol\u00edtica de Estado apoyar todos los esfuerzos que se hacen para medir nuestras huellas ambientales, ya que los trabajos recientes muestran que en Argentina son menores que en casi cualquiera de los competidores o de los propios europeos a pesar de estar ellos muy cerca de su originaci\u00f3n.<\/p>\n\n\n\n<p>Argentina requiere sin duda, al igual que la UE un nuevo contrato social, una geopol\u00edtica a la altura de estos tiempos, donde la Bioeconom\u00eda puede jugar un rol importante que ordene al resto de las variables de la Sociedad del Conocimiento, Ojal\u00e1 tengamos al igual que en la UE la lucidez de entender y actuar.<\/p>\n\n\n\n<blockquote class=\"wp-block-quote is-layout-flow wp-block-quote-is-layout-flow\"><p><strong>Fernando Vilella es Ingeniero Agr\u00f3nomo, Profesor Titular C\u00e1tedra de Agronegocios y Director \u200bdel Programa\u200b de Bioeconom\u00eda de la Facultad de Agronom\u00eda de la Universidad de Buenos Aires\u00a0<\/strong><\/p><\/blockquote>\n\n\n\n<p><\/p>\n","protected":false},"excerpt":{"rendered":"<p>Pacto Verde Europeo: \u00bfuna palanca para la Bioeconom\u00eda argentina?<\/p>\n<p>BIOECONOM\u00cdA: El Pacto Verde Europeo contempla una transformaci\u00f3n y propone para 2050 reducir dr\u00e1sticamente la contaminaci\u00f3n del suelo, el agua y el aire.<\/p>\n","protected":false},"author":1,"featured_media":2288,"comment_status":"open","ping_status":"open","sticky":false,"template":"","format":"standard","meta":{"footnotes":""},"categories":[15,11,1],"tags":[218,685,468,871],"class_list":["post-2287","post","type-post","status-publish","format-standard","has-post-thumbnail","hentry","category-acciones-sustentables","category-energias-renovables","category-general","tag-argentina-mas-sustentable","tag-bioeconomia","tag-fernando-vilella","tag-pacto-verde-europeo-una-palanca-para-la-bioeconomia-argentina"],"_links":{"self":[{"href":"https:\/\/argentinamassustentable.com.ar\/index.php?rest_route=\/wp\/v2\/posts\/2287","targetHints":{"allow":["GET"]}}],"collection":[{"href":"https:\/\/argentinamassustentable.com.ar\/index.php?rest_route=\/wp\/v2\/posts"}],"about":[{"href":"https:\/\/argentinamassustentable.com.ar\/index.php?rest_route=\/wp\/v2\/types\/post"}],"author":[{"embeddable":true,"href":"https:\/\/argentinamassustentable.com.ar\/index.php?rest_route=\/wp\/v2\/users\/1"}],"replies":[{"embeddable":true,"href":"https:\/\/argentinamassustentable.com.ar\/index.php?rest_route=%2Fwp%2Fv2%2Fcomments&post=2287"}],"version-history":[{"count":0,"href":"https:\/\/argentinamassustentable.com.ar\/index.php?rest_route=\/wp\/v2\/posts\/2287\/revisions"}],"wp:featuredmedia":[{"embeddable":true,"href":"https:\/\/argentinamassustentable.com.ar\/index.php?rest_route=\/wp\/v2\/media\/2288"}],"wp:attachment":[{"href":"https:\/\/argentinamassustentable.com.ar\/index.php?rest_route=%2Fwp%2Fv2%2Fmedia&parent=2287"}],"wp:term":[{"taxonomy":"category","embeddable":true,"href":"https:\/\/argentinamassustentable.com.ar\/index.php?rest_route=%2Fwp%2Fv2%2Fcategories&post=2287"},{"taxonomy":"post_tag","embeddable":true,"href":"https:\/\/argentinamassustentable.com.ar\/index.php?rest_route=%2Fwp%2Fv2%2Ftags&post=2287"}],"curies":[{"name":"wp","href":"https:\/\/api.w.org\/{rel}","templated":true}]}}