{"id":4908,"date":"2022-06-02T16:05:49","date_gmt":"2022-06-02T19:05:49","guid":{"rendered":"https:\/\/argentinamassustentable.com.ar\/?p=4908"},"modified":"2022-06-02T16:05:49","modified_gmt":"2022-06-02T19:05:49","slug":"red-de-universidades-argentinas-para-la-gestion-ambiental-y-la-inclusion-social","status":"publish","type":"post","link":"https:\/\/argentinamassustentable.com.ar\/?p=4908","title":{"rendered":"Red de Universidades Argentinas para la Gesti\u00f3n Ambiental y la Inclusi\u00f3n Social"},"content":{"rendered":"\n<p><strong>Por Alan Kaplan<\/strong><\/p>\n\n\n\n<h2 class=\"wp-block-heading\">La Red UAGAIS (Red de Universidades Argentinas para la Gesti\u00f3n Ambiental y la Inclusi\u00f3n Social) impuls\u00f3 el viernes 27 de mayo el 4to Encuentro Virtual de Promotores Ambientales Universitarios. Estudiantes y docentes de 16 universidades nacionales participaron de esta instancia de intercambio, di\u00e1logo de experiencias activas y planificaci\u00f3n colectiva de acciones en red.&nbsp;&nbsp;<\/h2>\n\n\n\n<p>Los voluntariados de Promotores Ambientales, son espacios de promoci\u00f3n de acciones concretas en materia ambiental dentro y fuera de los campus universitarios. Estudiantes de diversas unidades acad\u00e9micas participan activamente de campa\u00f1as de educaci\u00f3n ambiental, separaci\u00f3n de residuos en origen e inclusi\u00f3n social, optimizaci\u00f3n de uso energ\u00e9tico, consumo responsable, forestaciones colectivas, econom\u00eda social y solidaria, entre otros.&nbsp;&nbsp;<\/p>\n\n\n\n<h2 class=\"wp-block-heading\">A+S entrevista a Tamara Werhun, Martin Costantino y a la coordinadora de esta Red Universitaria, que tiene como objetivo tratar tem\u00e1ticas ambientales en las universidades y hablar sobre inclusi\u00f3n social, econom\u00eda circular.<\/h2>\n\n\n\n<p><strong><em>\u00bfC\u00f3mo est\u00e1 compuesta la red?&nbsp;<\/em><\/strong><\/p>\n\n\n\n<p>Esta red est\u00e1 compuesta por universidades de todo el pa\u00eds, p\u00fablicas y privadas. La idea es estar en todo el territorio argentino y tenemos distintas regiones con sus respectivos coordinadores, con el objetivo de articular con otras universidades y articular distintas tem\u00e1ticas: como los ods, residuos, promoci\u00f3n del ambiente, la comunicaci\u00f3n y sustentabilidad.&nbsp;<\/p>\n\n\n\n<p><strong><em>\u00bfPor qu\u00e9 es tan importante tener espacios de educaci\u00f3n formal en donde se capacite a los adolescentes sobre estas tem\u00e1ticas?\u00a0\u00a0<\/em><\/strong><\/p>\n\n\n\n<p>Lo m\u00e1s importante de la capacitaci\u00f3n es tener una base de saber cu\u00e1l es la problem\u00e1tica, ya que algunas veces se tocan de tema superficial y nosotros tratamos de tocarlos de manera m\u00e1s profunda. La idea es que los estudiantes puedan involucrarse con sus acciones y que sean capaces de practicar y desarrollar estas tem\u00e1ticas con el conocimiento necesario. &nbsp;<\/p>\n\n\n\n<p>Las problem\u00e1ticas ambientales necesitan ciertos saberes necesarios para poder participar socialmente, aunque todas las personas sean part\u00edcipes de estas propuestas. &nbsp;<\/p>\n\n\n\n<p>Por \u00faltimo, para nosotros es muy importante que los adolescentes formen parte de esta red, porque es lo que nos caracteriza, con el objetivo de desarrollar distintos temas de manera eficaz y enriquecedora. &nbsp;<\/p>\n\n\n\n<p><strong><em>\u00bfC\u00f3mo fue evolucionando la propuesta? \u00bfDe qu\u00e9 manera fue ganando popularidad y conocimiento su proyecto?\u00a0\u00a0<\/em><\/strong><\/p>\n\n\n\n<p>La cantidad de universidades involucradas fue aumentando notablemente con el transcurrir de los d\u00edas. Lo que ocurri\u00f3 es que en marzo de este a\u00f1o se hizo el segundo encuentro del foro, en el que asistieron muchos estudiantes de distintas universidades, lo que muestra un inter\u00e9s por parte de estos sectores. En algunos casos, para algunas facultades esto es algo nuevo ya que no se relacionan con esa tem\u00e1tica. La idea es que puedan sentirse parte de esta tem\u00e1tica, que se involucren y que desarrollen estos temas en sus ambientes educativos. No sabes lo valioso que es que cada uno de los alumnos intercambien sus opiniones, para ver en qu\u00e9 concuerdan o cu\u00e1les son las problem\u00e1ticas presentes en la sociedad. &nbsp;<\/p>\n\n\n\n<figure class=\"wp-block-image size-large\"><img decoding=\"async\" src=\"https:\/\/argentinamassustentable.com.ar\/wp-content\/uploads\/2022\/05\/PA-RU-1-1024x640.png\" alt=\"\" class=\"wp-image-4913\"\/><figcaption><strong><em>&nbsp;Cont\u00f3 con la participaci\u00f3n de m\u00e1s de 15 universidades, llegamos a ser 73 asistentes<\/em><\/strong>.<\/figcaption><\/figure>\n\n\n\n<p><strong><em>\u00bfCreen que los j\u00f3venes son los que van a cambiar el mundo el d\u00eda de ma\u00f1ana? \u00bfPor qu\u00e9?&nbsp;&nbsp;<\/em><\/strong><\/p>\n\n\n\n<p>Creemos que hay que pensar la presi\u00f3n que tiene un joven, por la oportunidad que tienen. Tambi\u00e9n hay que entender que esto hay que hacerlo de manera conjunta, no se trata de algo generacional, ya que nos tenemos que juntar todos y poner mucho esfuerzo para sacar esta situaci\u00f3n adelante. Las sociedades j\u00f3venes est\u00e1n s\u00faper involucradas, pero no son los \u00fanicos que tienen que cambiar el mundo. &nbsp;<\/p>\n\n\n\n<p><strong><em>\u00bfCu\u00e1les son sus objetivos a corto y a largo plazo como instituci\u00f3n?\u00a0\u00a0<\/em><\/strong><\/p>\n\n\n\n<p>Creemos que como objetivo a corto plazo est\u00e1 el fortalecer el v\u00ednculo entre universidades, fortalecer el documento ANSUA a trav\u00e9s de talleres regionales en todo el pa\u00eds y universidades para trabajar entre facultades y compartir lo que se hace en otros espacios educativos a lo largo de toda la Argentina. Algo que destaca la red es el trabajo en equipo, por las distintas regiones involucradas.&nbsp;<\/p>\n\n\n\n<p><strong><em>\u00bfQu\u00e9 le dir\u00edas a un joven que ve la propuesta y se quiere inscribir? \u00bfConlleva mucha responsabilidad ?\u00a0<\/em><\/strong><\/p>\n\n\n\n<p>Generalmente, cuando hablamos de temas ambientales los que m\u00e1s se involucran son j\u00f3venes con alguna experiencia ambiental. Lo que nos sorprende es que cuando abrimos la convocatoria, muchos de otras carreras quer\u00edan participar y eso es lo importante. No es solo una problem\u00e1tica ambiental, sino que tambi\u00e9n es socioecon\u00f3mica. Por lo tanto, mientras m\u00e1s personas involucradas haya, vamos a poder desarrollar y generar un espacio m\u00e1s activo. La idea es que seamos todos agentes de cambios y que podamos mejorar el mundo, para todos y con todas las personas involucradas. &nbsp;<\/p>\n\n\n\n<p>Esta red nacional, promueve acciones en la gesti\u00f3n interuniversitaria que une fuerzas y facilita la aplicaci\u00f3n de experiencias que han resultado exitosas en otras provincias.&nbsp;&nbsp;<\/p>\n\n\n\n<figure class=\"wp-block-image size-large\"><img loading=\"lazy\" decoding=\"async\" width=\"1024\" height=\"640\" src=\"https:\/\/argentinamassustentable.com.ar\/wp-content\/uploads\/2022\/05\/PA-RU-5-1024x640.png\" alt=\"\" class=\"wp-image-4914\" srcset=\"https:\/\/argentinamassustentable.com.ar\/wp-content\/uploads\/2022\/05\/PA-RU-5-1024x640.png 1024w, https:\/\/argentinamassustentable.com.ar\/wp-content\/uploads\/2022\/05\/PA-RU-5-300x188.png 300w, https:\/\/argentinamassustentable.com.ar\/wp-content\/uploads\/2022\/05\/PA-RU-5-768x480.png 768w, https:\/\/argentinamassustentable.com.ar\/wp-content\/uploads\/2022\/05\/PA-RU-5.png 1152w\" sizes=\"auto, (max-width: 1024px) 100vw, 1024px\" \/><\/figure>\n\n\n\n<h2 class=\"wp-block-heading\">Para fin de este a\u00f1o se planea un nuevo encuentro de Promotores Ambientales con el objetivo de realizar un seguimiento en las propuestas colectivas que surjan en esta instancia.&nbsp;&nbsp;<\/h2>\n\n\n\n<h4 class=\"wp-block-heading\">Para m\u00e1s informaci\u00f3n, pueden escribir a reduagaispromotores@gmail.com&nbsp;<\/h4>\n","protected":false},"excerpt":{"rendered":"<p>. La Red UAGAIS (Red de Universidades Argentinas para la Gesti\u00f3n Ambiental y la Inclusi\u00f3n Social) impuls\u00f3 el el 4to Encuentro Virtual de Promotores Ambientales Universitarios.<\/p>\n","protected":false},"author":1,"featured_media":4913,"comment_status":"open","ping_status":"open","sticky":false,"template":"","format":"standard","meta":{"footnotes":""},"categories":[1],"tags":[7,218,271,56,289,1551],"class_list":["post-4908","post","type-post","status-publish","format-standard","has-post-thumbnail","hentry","category-general","tag-argentina","tag-argentina-mas-sustentable","tag-judith-scheyer","tag-sustentabilidad","tag-sustentable","tag-uagais"],"_links":{"self":[{"href":"https:\/\/argentinamassustentable.com.ar\/index.php?rest_route=\/wp\/v2\/posts\/4908","targetHints":{"allow":["GET"]}}],"collection":[{"href":"https:\/\/argentinamassustentable.com.ar\/index.php?rest_route=\/wp\/v2\/posts"}],"about":[{"href":"https:\/\/argentinamassustentable.com.ar\/index.php?rest_route=\/wp\/v2\/types\/post"}],"author":[{"embeddable":true,"href":"https:\/\/argentinamassustentable.com.ar\/index.php?rest_route=\/wp\/v2\/users\/1"}],"replies":[{"embeddable":true,"href":"https:\/\/argentinamassustentable.com.ar\/index.php?rest_route=%2Fwp%2Fv2%2Fcomments&post=4908"}],"version-history":[{"count":0,"href":"https:\/\/argentinamassustentable.com.ar\/index.php?rest_route=\/wp\/v2\/posts\/4908\/revisions"}],"wp:featuredmedia":[{"embeddable":true,"href":"https:\/\/argentinamassustentable.com.ar\/index.php?rest_route=\/wp\/v2\/media\/4913"}],"wp:attachment":[{"href":"https:\/\/argentinamassustentable.com.ar\/index.php?rest_route=%2Fwp%2Fv2%2Fmedia&parent=4908"}],"wp:term":[{"taxonomy":"category","embeddable":true,"href":"https:\/\/argentinamassustentable.com.ar\/index.php?rest_route=%2Fwp%2Fv2%2Fcategories&post=4908"},{"taxonomy":"post_tag","embeddable":true,"href":"https:\/\/argentinamassustentable.com.ar\/index.php?rest_route=%2Fwp%2Fv2%2Ftags&post=4908"}],"curies":[{"name":"wp","href":"https:\/\/api.w.org\/{rel}","templated":true}]}}